[{"@context":"https:\/\/schema.org\/","@type":"Article","@id":"https:\/\/www.fontesh.cz\/zahrada-je-potesenim\/#Article","mainEntityOfPage":"https:\/\/www.fontesh.cz\/zahrada-je-potesenim\/","headline":"Zahrada je pot\u011b\u0161en\u00edm","name":"Zahrada je pot\u011b\u0161en\u00edm","description":"M\u00edt zahradu u sv\u00e9ho dome\u010dku chce m\u00edt dnes t\u00e9m\u011b\u0159 ka\u017ed\u00fd. Kdo bydl\u00ed v panel\u00e1ku, ten si po\u0159izuje alespo\u0148 malou chati\u010dku [&hellip;]","datePublished":"2019-04-20","dateModified":"2023-05-15","author":{"@type":"Person","@id":"https:\/\/www.fontesh.cz\/author\/#Person","name":"","url":"https:\/\/www.fontesh.cz\/author\/","identifier":1,"image":{"@type":"ImageObject","@id":"https:\/\/secure.gravatar.com\/avatar\/9650bad63f840fe2951db83904c5d1edf6fafb8283b72071d80cdc2088366373?s=96&d=mm&r=g","url":"https:\/\/secure.gravatar.com\/avatar\/9650bad63f840fe2951db83904c5d1edf6fafb8283b72071d80cdc2088366373?s=96&d=mm&r=g","height":96,"width":96}},"publisher":{"@type":"Organization","name":"fontesh.cz","logo":{"@type":"ImageObject","@id":"\/logo.png","url":"\/logo.png","width":600,"height":60}},"image":{"@type":"ImageObject","@id":"https:\/\/www.fontesh.cz\/wp-content\/uploads\/img_a343413_w2315_t1556454395.jpg","url":"https:\/\/www.fontesh.cz\/wp-content\/uploads\/img_a343413_w2315_t1556454395.jpg","height":0,"width":0},"url":"https:\/\/www.fontesh.cz\/zahrada-je-potesenim\/","wordCount":444,"articleBody":"M\u00edt zahradu u sv\u00e9ho dome\u010dku chce m\u00edt dnes t\u00e9m\u011b\u0159 ka\u017ed\u00fd. Kdo bydl\u00ed v panel\u00e1ku, ten si po\u0159izuje alespo\u0148 malou chati\u010dku s prostorem, kde si m\u016f\u017ee zasadit kv\u011btiny a p\u011bstovat zeleninu. Pro\u010d je vlastn\u011b pro lidi zahrada takov\u00fdm pot\u011b\u0161en\u00edm, i kdy\u017e v\u00ed, \u017ee p\u00e9\u010de o ni nen\u00ed snadn\u00e1 a vy\u017eaduje spoustu \u010dasu a celoro\u010dn\u00ed p\u00e9\u010de? Je to ur\u010dit\u00e1 pot\u0159eba du\u0161e, vytvo\u0159it si pro sebe prostor, kde bude kus \u017eiv\u00e9 p\u0159\u00edrody.\t\u00a0\tR\u00c1J NA ZEMI\tLidsk\u00fd kon\u00ed\u010dek v zahradni\u010den\u00ed m\u00e1 ko\u0159eny p\u0159\u00edmo v nebesk\u00e9m r\u00e1ji, z kter\u00e9ho dle pov\u011bsti byli vyhn\u00e1ni Adam a Eva. To mnoho lid\u00ed v\u016fbec nenapadne, ale kdy\u017e se nad t\u00edm zamysl\u00edte, vytv\u00e1\u0159en\u00ed zahrad skute\u010dn\u011b spad\u00e1 do dalek\u00e9 minulosti. U\u017e ve st\u0159edov\u011bku to byla \u010dinnost, se kterou se sna\u017eili v\u0161ichni navr\u00e1tit do r\u00e1je, tedy uniknout z reality do n\u011b\u010deho kr\u00e1sn\u011bj\u0161\u00edho, a\u017e poh\u00e1dkov\u00e9ho. Tato touha lidstva p\u0159etrvala dodnes. I kdy\u017e se \u0159ekne, \u017ee b\u011b\u017en\u00e1 zahrada je prost\u011b jen z\u00e1liba jako ka\u017ed\u00e1 jin\u00e1, p\u0159esto je n\u011b\u010d\u00edm v\u011bt\u0161\u00edm a siln\u011bj\u0161\u00edm, za \u010d\u00edm se skr\u00fdv\u00e1 p\u0159\u00e1n\u00ed vlastnit n\u011bco sv\u00e9ho, okouzluj\u00edc\u00edho a\u017e posv\u00e1tn\u00e9ho.\t\u00a0\tL\u00c9\u010cIV\u00c1 S\u00cdLA ZAHRADY\tZvl\u00e1\u0161t\u011b v dne\u0161n\u00ed usp\u011bchan\u00e9 a stresuj\u00edc\u00ed dob\u011b se vyhled\u00e1v\u00e1n\u00ed harmonick\u00fdch p\u0159\u00edrodn\u00edch ploch d\u00e1 snadno pochopit. Je to skute\u010dn\u011b d\u00e1vn\u00e1 a nekone\u010dn\u00e1 pot\u0159eba \u010dlov\u011bka po dokonalosti a l\u00e1sce v idylick\u00e9m kvetouc\u00edm prost\u0159ed\u00ed. Zahrady milujeme, proto\u017ee jsou pro n\u00e1s l\u00e9\u010divou energi\u00ed a jakousi nad\u011bj\u00ed v lep\u0161\u00ed \u017eivot. Vlastn\u00ed uzav\u0159en\u00fd prostor nen\u00ed d\u016fle\u017eit\u00fd svoj\u00ed velikost\u00ed, ale mo\u017enost\u00ed odevzdat se ochran\u011b a podivuhodn\u00e9 atmosf\u00e9\u0159e zp\u011bvu pt\u00e1k\u016f, zelen\u00fdch strom\u016f, kv\u011btin, font\u00e1n a v\u0161eho, co si ve sv\u00e9m p\u0159\u00edrodn\u00edm \u00fazem\u00ed vybudujeme.\u00a0 \t\u00a0\tRADOST ZA HRADBOU\tJi\u017e samotn\u00fd n\u00e1zev zahrada n\u00e1m \u0159\u00edk\u00e1, \u017ee si ji z\u0159izujeme za hradbou, tedy v ur\u010dit\u00e9m chr\u00e1n\u011bn\u00e9m \u00fazem\u00ed. Chceme n\u011bco sv\u00e9ho, kde na\u010derp\u00e1me a obnov\u00edme s\u00edlu, kde se zklidn\u00edme. V ka\u017ed\u00e9 zahrad\u011b najdeme radost a je jedno, kde si ji za\u0159\u00edd\u00edme. Sta\u010d\u00ed i mal\u00fd prostor pod okny, za fas\u00e1dou domu nebo i na kraji m\u011bsta. V\u0161ude bude m\u00edt pozitivn\u00ed vliv a obdarov\u00e1vat n\u00e1s.                                                                                                                                                                                                                                                                                                                                                                                        3.9\/5 - (13 votes)        "},{"@context":"https:\/\/schema.org\/","@type":"BreadcrumbList","itemListElement":[{"@type":"ListItem","position":1,"name":"Zahrada je pot\u011b\u0161en\u00edm","item":"https:\/\/www.fontesh.cz\/zahrada-je-potesenim\/#breadcrumbitem"}]}]