{"@context":"https:\/\/schema.org\/","@type":"CollectionPage","@id":"https:\/\/www.fontesh.cz\/vyrobky\/#CollectionPage","headline":"V\u00fdrobky Category","description":"","url":"https:\/\/www.fontesh.cz\/vyrobky\/","hasPart":[{"@type":"Article","@id":"https:\/\/www.fontesh.cz\/v-mode-jsou-vlastnorucne-vyrabene-darky\/","headline":"V m\u00f3d\u011b jsou vlastnoru\u010dn\u011b vyr\u00e1b\u011bn\u00e9 d\u00e1rky","url":"https:\/\/www.fontesh.cz\/v-mode-jsou-vlastnorucne-vyrabene-darky\/","datePublished":"2019-12-10","dateModified":"2023-05-15","mainEntityOfPage":"https:\/\/www.fontesh.cz\/v-mode-jsou-vlastnorucne-vyrabene-darky\/","author":{"@type":"Person","@id":"https:\/\/www.fontesh.cz\/author\/#Person","name":"","url":"https:\/\/www.fontesh.cz\/author\/","identifier":1,"image":{"@type":"ImageObject","@id":"https:\/\/secure.gravatar.com\/avatar\/9650bad63f840fe2951db83904c5d1edf6fafb8283b72071d80cdc2088366373?s=96&d=mm&r=g","url":"https:\/\/secure.gravatar.com\/avatar\/9650bad63f840fe2951db83904c5d1edf6fafb8283b72071d80cdc2088366373?s=96&d=mm&r=g","height":96,"width":96}},"publisher":{"@type":"Organization","name":"fontesh.cz","logo":{"@type":"ImageObject","@id":"\/logo.png","url":"\/logo.png","width":600,"height":60}},"image":{"@type":"ImageObject","@id":"https:\/\/www.fontesh.cz\/wp-content\/uploads\/img_a364049_w4371_t1576753332.jpg","url":"https:\/\/www.fontesh.cz\/wp-content\/uploads\/img_a364049_w4371_t1576753332.jpg","height":0,"width":0},"keywords":null},{"@type":"Article","@id":"https:\/\/www.fontesh.cz\/gitterboxy-nebo-palety-mame-jasno-kde-je-sehnat\/","headline":"Gitterboxy nebo palety? M\u00e1me jasno, kde je sehnat!","url":"https:\/\/www.fontesh.cz\/gitterboxy-nebo-palety-mame-jasno-kde-je-sehnat\/","datePublished":"2019-09-25","dateModified":"2024-05-29","mainEntityOfPage":"https:\/\/www.fontesh.cz\/gitterboxy-nebo-palety-mame-jasno-kde-je-sehnat\/","author":{"@type":"Person","@id":"https:\/\/www.fontesh.cz\/author\/#Person","name":"","url":"https:\/\/www.fontesh.cz\/author\/","identifier":1,"image":{"@type":"ImageObject","@id":"https:\/\/secure.gravatar.com\/avatar\/9650bad63f840fe2951db83904c5d1edf6fafb8283b72071d80cdc2088366373?s=96&d=mm&r=g","url":"https:\/\/secure.gravatar.com\/avatar\/9650bad63f840fe2951db83904c5d1edf6fafb8283b72071d80cdc2088366373?s=96&d=mm&r=g","height":96,"width":96}},"publisher":{"@type":"Organization","name":"fontesh.cz","logo":{"@type":"ImageObject","@id":"\/logo.png","url":"\/logo.png","width":600,"height":60}},"image":{"@type":"ImageObject","@id":"https:\/\/www.fontesh.cz\/wp-content\/uploads\/img_a363049_w1791_t1575892717.jpg","url":"https:\/\/www.fontesh.cz\/wp-content\/uploads\/img_a363049_w1791_t1575892717.jpg","height":0,"width":0},"keywords":null},{"@type":"Article","@id":"https:\/\/www.fontesh.cz\/vasi-novou-postavu-budou-vsichni-obdivovat\/","headline":"Va\u0161i novou postavu budou v\u0161ichni obdivovat!","url":"https:\/\/www.fontesh.cz\/vasi-novou-postavu-budou-vsichni-obdivovat\/","datePublished":"2019-09-15","dateModified":"2024-05-24","mainEntityOfPage":"https:\/\/www.fontesh.cz\/vasi-novou-postavu-budou-vsichni-obdivovat\/","author":{"@type":"Person","@id":"https:\/\/www.fontesh.cz\/author\/#Person","name":"","url":"https:\/\/www.fontesh.cz\/author\/","identifier":1,"image":{"@type":"ImageObject","@id":"https:\/\/secure.gravatar.com\/avatar\/9650bad63f840fe2951db83904c5d1edf6fafb8283b72071d80cdc2088366373?s=96&d=mm&r=g","url":"https:\/\/secure.gravatar.com\/avatar\/9650bad63f840fe2951db83904c5d1edf6fafb8283b72071d80cdc2088366373?s=96&d=mm&r=g","height":96,"width":96}},"publisher":{"@type":"Organization","name":"fontesh.cz","logo":{"@type":"ImageObject","@id":"\/logo.png","url":"\/logo.png","width":600,"height":60}},"image":{"@type":"ImageObject","@id":"https:\/\/www.fontesh.cz\/wp-content\/uploads\/img_a342865_w1749_t1556020397.jpg","url":"https:\/\/www.fontesh.cz\/wp-content\/uploads\/img_a342865_w1749_t1556020397.jpg","height":0,"width":0},"keywords":null},{"@type":"Article","@id":"https:\/\/www.fontesh.cz\/jak-se-cisti-bazenova-voda\/","headline":"Jak se \u010dist\u00ed baz\u00e9nov\u00e1 voda?","url":"https:\/\/www.fontesh.cz\/jak-se-cisti-bazenova-voda\/","datePublished":"2019-09-13","dateModified":"2023-05-15","mainEntityOfPage":"https:\/\/www.fontesh.cz\/jak-se-cisti-bazenova-voda\/","author":{"@type":"Person","@id":"https:\/\/www.fontesh.cz\/author\/#Person","name":"","url":"https:\/\/www.fontesh.cz\/author\/","identifier":1,"image":{"@type":"ImageObject","@id":"https:\/\/secure.gravatar.com\/avatar\/9650bad63f840fe2951db83904c5d1edf6fafb8283b72071d80cdc2088366373?s=96&d=mm&r=g","url":"https:\/\/secure.gravatar.com\/avatar\/9650bad63f840fe2951db83904c5d1edf6fafb8283b72071d80cdc2088366373?s=96&d=mm&r=g","height":96,"width":96}},"publisher":{"@type":"Organization","name":"fontesh.cz","logo":{"@type":"ImageObject","@id":"\/logo.png","url":"\/logo.png","width":600,"height":60}},"image":{"@type":"ImageObject","@id":"https:\/\/www.fontesh.cz\/wp-content\/uploads\/img_a350620_w1697_t1565435372.jpg","url":"https:\/\/www.fontesh.cz\/wp-content\/uploads\/img_a350620_w1697_t1565435372.jpg","height":0,"width":0},"keywords":null},{"@type":"Article","@id":"https:\/\/www.fontesh.cz\/sklarske-vyrobky\/","headline":"Skl\u00e1\u0159sk\u00e9 v\u00fdrobky","url":"https:\/\/www.fontesh.cz\/sklarske-vyrobky\/","datePublished":"2019-09-13","dateModified":"2023-05-15","mainEntityOfPage":"https:\/\/www.fontesh.cz\/sklarske-vyrobky\/","author":{"@type":"Person","@id":"https:\/\/www.fontesh.cz\/author\/#Person","name":"","url":"https:\/\/www.fontesh.cz\/author\/","identifier":1,"image":{"@type":"ImageObject","@id":"https:\/\/secure.gravatar.com\/avatar\/9650bad63f840fe2951db83904c5d1edf6fafb8283b72071d80cdc2088366373?s=96&d=mm&r=g","url":"https:\/\/secure.gravatar.com\/avatar\/9650bad63f840fe2951db83904c5d1edf6fafb8283b72071d80cdc2088366373?s=96&d=mm&r=g","height":96,"width":96}},"publisher":{"@type":"Organization","name":"fontesh.cz","logo":{"@type":"ImageObject","@id":"\/logo.png","url":"\/logo.png","width":600,"height":60}},"image":{"@type":"ImageObject","@id":"https:\/\/www.fontesh.cz\/wp-content\/uploads\/img_a354677_w3304_t1569263041.jpg","url":"https:\/\/www.fontesh.cz\/wp-content\/uploads\/img_a354677_w3304_t1569263041.jpg","height":0,"width":0},"keywords":null},{"@type":"Article","@id":"https:\/\/www.fontesh.cz\/hlavne-vsadte-na-kvalitu\/","headline":"Hlavn\u011b vsa\u010fte na kvalitu","url":"https:\/\/www.fontesh.cz\/hlavne-vsadte-na-kvalitu\/","datePublished":"2019-09-01","dateModified":"2023-05-15","mainEntityOfPage":"https:\/\/www.fontesh.cz\/hlavne-vsadte-na-kvalitu\/","author":{"@type":"Person","@id":"https:\/\/www.fontesh.cz\/author\/#Person","name":"","url":"https:\/\/www.fontesh.cz\/author\/","identifier":1,"image":{"@type":"ImageObject","@id":"https:\/\/secure.gravatar.com\/avatar\/9650bad63f840fe2951db83904c5d1edf6fafb8283b72071d80cdc2088366373?s=96&d=mm&r=g","url":"https:\/\/secure.gravatar.com\/avatar\/9650bad63f840fe2951db83904c5d1edf6fafb8283b72071d80cdc2088366373?s=96&d=mm&r=g","height":96,"width":96}},"publisher":{"@type":"Organization","name":"fontesh.cz","logo":{"@type":"ImageObject","@id":"\/logo.png","url":"\/logo.png","width":600,"height":60}},"image":{"@type":"ImageObject","@id":"https:\/\/www.fontesh.cz\/wp-content\/uploads\/img_a366010_w2039_t1578587594.jpg","url":"https:\/\/www.fontesh.cz\/wp-content\/uploads\/img_a366010_w2039_t1578587594.jpg","height":0,"width":0},"keywords":null},{"@type":"Article","@id":"https:\/\/www.fontesh.cz\/webove-stranky-jsou-soucasti-naseho-hledani\/","headline":"Webov\u00e9 str\u00e1nky jsou sou\u010d\u00e1st\u00ed na\u0161eho hled\u00e1n\u00ed","url":"https:\/\/www.fontesh.cz\/webove-stranky-jsou-soucasti-naseho-hledani\/","datePublished":"2019-05-25","dateModified":"2023-05-15","mainEntityOfPage":"https:\/\/www.fontesh.cz\/webove-stranky-jsou-soucasti-naseho-hledani\/","author":{"@type":"Person","@id":"https:\/\/www.fontesh.cz\/author\/#Person","name":"","url":"https:\/\/www.fontesh.cz\/author\/","identifier":1,"image":{"@type":"ImageObject","@id":"https:\/\/secure.gravatar.com\/avatar\/9650bad63f840fe2951db83904c5d1edf6fafb8283b72071d80cdc2088366373?s=96&d=mm&r=g","url":"https:\/\/secure.gravatar.com\/avatar\/9650bad63f840fe2951db83904c5d1edf6fafb8283b72071d80cdc2088366373?s=96&d=mm&r=g","height":96,"width":96}},"publisher":{"@type":"Organization","name":"fontesh.cz","logo":{"@type":"ImageObject","@id":"\/logo.png","url":"\/logo.png","width":600,"height":60}},"image":{"@type":"ImageObject","@id":"https:\/\/www.fontesh.cz\/wp-content\/uploads\/img_a347557_w1698_t1561976439.jpg","url":"https:\/\/www.fontesh.cz\/wp-content\/uploads\/img_a347557_w1698_t1561976439.jpg","height":0,"width":0},"keywords":null},{"@type":"Article","@id":"https:\/\/www.fontesh.cz\/manzelstvi-bez-sexu-to-je-katastrofa\/","headline":"Man\u017eelstv\u00ed bez sexu, to je katastrofa","url":"https:\/\/www.fontesh.cz\/manzelstvi-bez-sexu-to-je-katastrofa\/","datePublished":"2019-04-06","dateModified":"2023-07-10","mainEntityOfPage":"https:\/\/www.fontesh.cz\/manzelstvi-bez-sexu-to-je-katastrofa\/","author":{"@type":"Person","@id":"https:\/\/www.fontesh.cz\/author\/#Person","name":"","url":"https:\/\/www.fontesh.cz\/author\/","identifier":1,"image":{"@type":"ImageObject","@id":"https:\/\/secure.gravatar.com\/avatar\/9650bad63f840fe2951db83904c5d1edf6fafb8283b72071d80cdc2088366373?s=96&d=mm&r=g","url":"https:\/\/secure.gravatar.com\/avatar\/9650bad63f840fe2951db83904c5d1edf6fafb8283b72071d80cdc2088366373?s=96&d=mm&r=g","height":96,"width":96}},"publisher":{"@type":"Organization","name":"fontesh.cz","logo":{"@type":"ImageObject","@id":"\/logo.png","url":"\/logo.png","width":600,"height":60}},"image":{"@type":"ImageObject","@id":"https:\/\/www.fontesh.cz\/wp-content\/uploads\/img_a345765_w1704_t1559300433.jpg","url":"https:\/\/www.fontesh.cz\/wp-content\/uploads\/img_a345765_w1704_t1559300433.jpg","height":0,"width":0},"keywords":null},{"@type":"Article","@id":"https:\/\/www.fontesh.cz\/pro-klidne-spani\/","headline":"Pro klidn\u00e9 span\u00ed","url":"https:\/\/www.fontesh.cz\/pro-klidne-spani\/","datePublished":"2019-03-09","dateModified":"2023-05-15","mainEntityOfPage":"https:\/\/www.fontesh.cz\/pro-klidne-spani\/","author":{"@type":"Person","@id":"https:\/\/www.fontesh.cz\/author\/#Person","name":"","url":"https:\/\/www.fontesh.cz\/author\/","identifier":1,"image":{"@type":"ImageObject","@id":"https:\/\/secure.gravatar.com\/avatar\/9650bad63f840fe2951db83904c5d1edf6fafb8283b72071d80cdc2088366373?s=96&d=mm&r=g","url":"https:\/\/secure.gravatar.com\/avatar\/9650bad63f840fe2951db83904c5d1edf6fafb8283b72071d80cdc2088366373?s=96&d=mm&r=g","height":96,"width":96}},"publisher":{"@type":"Organization","name":"fontesh.cz","logo":{"@type":"ImageObject","@id":"\/logo.png","url":"\/logo.png","width":600,"height":60}},"image":{"@type":"ImageObject","@id":"https:\/\/www.fontesh.cz\/wp-content\/uploads\/img_a342089_w1704_t1554984090.jpg","url":"https:\/\/www.fontesh.cz\/wp-content\/uploads\/img_a342089_w1704_t1554984090.jpg","height":0,"width":0},"keywords":null},{"@type":"Article","@id":"https:\/\/www.fontesh.cz\/kryci-plachta-je-nepostradatelnym-pomocnikem-vsech-majitelu-bazenu\/","headline":"Kryc\u00ed plachta je nepostradateln\u00fdm pomocn\u00edkem v\u0161ech majitel\u016f baz\u00e9n\u016f","url":"https:\/\/www.fontesh.cz\/kryci-plachta-je-nepostradatelnym-pomocnikem-vsech-majitelu-bazenu\/","datePublished":"2019-02-01","dateModified":"2023-05-15","mainEntityOfPage":"https:\/\/www.fontesh.cz\/kryci-plachta-je-nepostradatelnym-pomocnikem-vsech-majitelu-bazenu\/","author":{"@type":"Person","@id":"https:\/\/www.fontesh.cz\/author\/#Person","name":"","url":"https:\/\/www.fontesh.cz\/author\/","identifier":1,"image":{"@type":"ImageObject","@id":"https:\/\/secure.gravatar.com\/avatar\/9650bad63f840fe2951db83904c5d1edf6fafb8283b72071d80cdc2088366373?s=96&d=mm&r=g","url":"https:\/\/secure.gravatar.com\/avatar\/9650bad63f840fe2951db83904c5d1edf6fafb8283b72071d80cdc2088366373?s=96&d=mm&r=g","height":96,"width":96}},"publisher":{"@type":"Organization","name":"fontesh.cz","logo":{"@type":"ImageObject","@id":"\/logo.png","url":"\/logo.png","width":600,"height":60}},"image":{"@type":"ImageObject","@id":"https:\/\/www.fontesh.cz\/wp-content\/uploads\/img_a336383_w1743_t1549742203.jpg","url":"https:\/\/www.fontesh.cz\/wp-content\/uploads\/img_a336383_w1743_t1549742203.jpg","height":0,"width":0},"keywords":null}]}