{"@context":"https:\/\/schema.org\/","@type":"CollectionPage","@id":"https:\/\/www.fontesh.cz\/vyrobky\/#CollectionPage","headline":"V\u00fdrobky Category","description":"","url":"https:\/\/www.fontesh.cz\/vyrobky\/","hasPart":[{"@type":"Article","@id":"https:\/\/www.fontesh.cz\/solarni-plachta-na-hladinu-bazenu-setri-penize\/","headline":"Sol\u00e1rn\u00ed plachta na hladinu baz\u00e9nu \u0161et\u0159\u00ed pen\u00edze","url":"https:\/\/www.fontesh.cz\/solarni-plachta-na-hladinu-bazenu-setri-penize\/","datePublished":"2026-01-03","dateModified":"2026-01-03","mainEntityOfPage":"https:\/\/www.fontesh.cz\/solarni-plachta-na-hladinu-bazenu-setri-penize\/","author":{"@type":"Person","@id":"https:\/\/www.fontesh.cz\/author\/#Person","name":"","url":"https:\/\/www.fontesh.cz\/author\/","identifier":1,"image":{"@type":"ImageObject","@id":"https:\/\/secure.gravatar.com\/avatar\/9650bad63f840fe2951db83904c5d1edf6fafb8283b72071d80cdc2088366373?s=96&d=mm&r=g","url":"https:\/\/secure.gravatar.com\/avatar\/9650bad63f840fe2951db83904c5d1edf6fafb8283b72071d80cdc2088366373?s=96&d=mm&r=g","height":96,"width":96}},"publisher":{"@type":"Organization","name":"fontesh.cz","logo":{"@type":"ImageObject","@id":"\/logo.png","url":"\/logo.png","width":600,"height":60}},"image":{"@type":"ImageObject","@id":"https:\/\/www.fontesh.cz\/wp-content\/uploads\/swimming-pool-389267_640_10_10_5.jpg","url":"https:\/\/www.fontesh.cz\/wp-content\/uploads\/swimming-pool-389267_640_10_10_5.jpg","height":0,"width":0},"keywords":null},{"@type":"Article","@id":"https:\/\/www.fontesh.cz\/prava-historicka-garaz\/","headline":"Prav\u00e1 historick\u00e1 gar\u00e1\u017e","url":"https:\/\/www.fontesh.cz\/prava-historicka-garaz\/","datePublished":"2025-12-20","dateModified":"2025-12-20","mainEntityOfPage":"https:\/\/www.fontesh.cz\/prava-historicka-garaz\/","author":{"@type":"Person","@id":"https:\/\/www.fontesh.cz\/author\/#Person","name":"","url":"https:\/\/www.fontesh.cz\/author\/","identifier":1,"image":{"@type":"ImageObject","@id":"https:\/\/secure.gravatar.com\/avatar\/9650bad63f840fe2951db83904c5d1edf6fafb8283b72071d80cdc2088366373?s=96&d=mm&r=g","url":"https:\/\/secure.gravatar.com\/avatar\/9650bad63f840fe2951db83904c5d1edf6fafb8283b72071d80cdc2088366373?s=96&d=mm&r=g","height":96,"width":96}},"publisher":{"@type":"Organization","name":"fontesh.cz","logo":{"@type":"ImageObject","@id":"\/logo.png","url":"\/logo.png","width":600,"height":60}},"image":{"@type":"ImageObject","@id":"https:\/\/www.fontesh.cz\/wp-content\/uploads\/lot-1584056_640_10_3.jpg","url":"https:\/\/www.fontesh.cz\/wp-content\/uploads\/lot-1584056_640_10_3.jpg","height":0,"width":0},"keywords":null},{"@type":"Article","@id":"https:\/\/www.fontesh.cz\/sexy-sukne-podle-vlastnich-predstav\/","headline":"Sexy sukn\u011b podle vlastn\u00edch p\u0159edstav","url":"https:\/\/www.fontesh.cz\/sexy-sukne-podle-vlastnich-predstav\/","datePublished":"2025-11-03","dateModified":"2025-11-03","mainEntityOfPage":"https:\/\/www.fontesh.cz\/sexy-sukne-podle-vlastnich-predstav\/","author":{"@type":"Person","@id":"https:\/\/www.fontesh.cz\/author\/#Person","name":"","url":"https:\/\/www.fontesh.cz\/author\/","identifier":1,"image":{"@type":"ImageObject","@id":"https:\/\/secure.gravatar.com\/avatar\/9650bad63f840fe2951db83904c5d1edf6fafb8283b72071d80cdc2088366373?s=96&d=mm&r=g","url":"https:\/\/secure.gravatar.com\/avatar\/9650bad63f840fe2951db83904c5d1edf6fafb8283b72071d80cdc2088366373?s=96&d=mm&r=g","height":96,"width":96}},"publisher":{"@type":"Organization","name":"fontesh.cz","logo":{"@type":"ImageObject","@id":"\/logo.png","url":"\/logo.png","width":600,"height":60}},"image":{"@type":"ImageObject","@id":"https:\/\/www.fontesh.cz\/wp-content\/uploads\/skirt-3704481_640_1.jpg","url":"https:\/\/www.fontesh.cz\/wp-content\/uploads\/skirt-3704481_640_1.jpg","height":0,"width":0},"keywords":null},{"@type":"Article","@id":"https:\/\/www.fontesh.cz\/jaka-zelenina-se-nejlepe-pestuje-ve-sklenicich\/","headline":"Jak\u00e1 zelenina se nejl\u00e9pe p\u011bstuje ve sklen\u00edc\u00edch?","url":"https:\/\/www.fontesh.cz\/jaka-zelenina-se-nejlepe-pestuje-ve-sklenicich\/","datePublished":"2025-09-02","dateModified":"2025-09-02","mainEntityOfPage":"https:\/\/www.fontesh.cz\/jaka-zelenina-se-nejlepe-pestuje-ve-sklenicich\/","author":{"@type":"Person","@id":"https:\/\/www.fontesh.cz\/author\/#Person","name":"","url":"https:\/\/www.fontesh.cz\/author\/","identifier":1,"image":{"@type":"ImageObject","@id":"https:\/\/secure.gravatar.com\/avatar\/9650bad63f840fe2951db83904c5d1edf6fafb8283b72071d80cdc2088366373?s=96&d=mm&r=g","url":"https:\/\/secure.gravatar.com\/avatar\/9650bad63f840fe2951db83904c5d1edf6fafb8283b72071d80cdc2088366373?s=96&d=mm&r=g","height":96,"width":96}},"publisher":{"@type":"Organization","name":"fontesh.cz","logo":{"@type":"ImageObject","@id":"\/logo.png","url":"\/logo.png","width":600,"height":60}},"image":{"@type":"ImageObject","@id":"https:\/\/www.fontesh.cz\/wp-content\/uploads\/annie-lang-6PFqjxsHMOU-unsplash.jpg","url":"https:\/\/www.fontesh.cz\/wp-content\/uploads\/annie-lang-6PFqjxsHMOU-unsplash.jpg","height":0,"width":0},"keywords":null},{"@type":"Article","@id":"https:\/\/www.fontesh.cz\/kratom-vas-nabije-energii\/","headline":"Kratom v\u00e1s nabije energi\u00ed","url":"https:\/\/www.fontesh.cz\/kratom-vas-nabije-energii\/","datePublished":"2025-08-08","dateModified":"2025-08-08","mainEntityOfPage":"https:\/\/www.fontesh.cz\/kratom-vas-nabije-energii\/","author":{"@type":"Person","@id":"https:\/\/www.fontesh.cz\/author\/#Person","name":"","url":"https:\/\/www.fontesh.cz\/author\/","identifier":1,"image":{"@type":"ImageObject","@id":"https:\/\/secure.gravatar.com\/avatar\/9650bad63f840fe2951db83904c5d1edf6fafb8283b72071d80cdc2088366373?s=96&d=mm&r=g","url":"https:\/\/secure.gravatar.com\/avatar\/9650bad63f840fe2951db83904c5d1edf6fafb8283b72071d80cdc2088366373?s=96&d=mm&r=g","height":96,"width":96}},"publisher":{"@type":"Organization","name":"fontesh.cz","logo":{"@type":"ImageObject","@id":"\/logo.png","url":"\/logo.png","width":600,"height":60}},"image":{"@type":"ImageObject","@id":"https:\/\/www.fontesh.cz\/wp-content\/uploads\/%C5%BElut%C3%BD%20kratom_2.png","url":"https:\/\/www.fontesh.cz\/wp-content\/uploads\/%C5%BElut%C3%BD%20kratom_2.png","height":0,"width":0},"keywords":null},{"@type":"Article","@id":"https:\/\/www.fontesh.cz\/bazen-neni-jen-nadoba\/","headline":"Baz\u00e9n nen\u00ed jen n\u00e1doba","url":"https:\/\/www.fontesh.cz\/bazen-neni-jen-nadoba\/","datePublished":"2025-07-14","dateModified":"2025-07-14","mainEntityOfPage":"https:\/\/www.fontesh.cz\/bazen-neni-jen-nadoba\/","author":{"@type":"Person","@id":"https:\/\/www.fontesh.cz\/author\/#Person","name":"","url":"https:\/\/www.fontesh.cz\/author\/","identifier":1,"image":{"@type":"ImageObject","@id":"https:\/\/secure.gravatar.com\/avatar\/9650bad63f840fe2951db83904c5d1edf6fafb8283b72071d80cdc2088366373?s=96&d=mm&r=g","url":"https:\/\/secure.gravatar.com\/avatar\/9650bad63f840fe2951db83904c5d1edf6fafb8283b72071d80cdc2088366373?s=96&d=mm&r=g","height":96,"width":96}},"publisher":{"@type":"Organization","name":"fontesh.cz","logo":{"@type":"ImageObject","@id":"\/logo.png","url":"\/logo.png","width":600,"height":60}},"image":{"@type":"ImageObject","@id":"https:\/\/www.fontesh.cz\/wp-content\/uploads\/bbbbbb_10_10_6.jpg","url":"https:\/\/www.fontesh.cz\/wp-content\/uploads\/bbbbbb_10_10_6.jpg","height":0,"width":0},"keywords":null},{"@type":"Article","@id":"https:\/\/www.fontesh.cz\/vrata-ktera-mysli-na-prostor-i-pohodli\/","headline":"Vrata, kter\u00e1 mysl\u00ed na prostor i pohodl\u00ed","url":"https:\/\/www.fontesh.cz\/vrata-ktera-mysli-na-prostor-i-pohodli\/","datePublished":"2025-06-06","dateModified":"2025-06-06","mainEntityOfPage":"https:\/\/www.fontesh.cz\/vrata-ktera-mysli-na-prostor-i-pohodli\/","author":{"@type":"Person","@id":"https:\/\/www.fontesh.cz\/author\/#Person","name":"","url":"https:\/\/www.fontesh.cz\/author\/","identifier":1,"image":{"@type":"ImageObject","@id":"https:\/\/secure.gravatar.com\/avatar\/9650bad63f840fe2951db83904c5d1edf6fafb8283b72071d80cdc2088366373?s=96&d=mm&r=g","url":"https:\/\/secure.gravatar.com\/avatar\/9650bad63f840fe2951db83904c5d1edf6fafb8283b72071d80cdc2088366373?s=96&d=mm&r=g","height":96,"width":96}},"publisher":{"@type":"Organization","name":"fontesh.cz","logo":{"@type":"ImageObject","@id":"\/logo.png","url":"\/logo.png","width":600,"height":60}},"image":{"@type":"ImageObject","@id":"https:\/\/www.fontesh.cz\/wp-content\/uploads\/vrata%20do%20gar%C3%A1%C5%BEe.jpg","url":"https:\/\/www.fontesh.cz\/wp-content\/uploads\/vrata%20do%20gar%C3%A1%C5%BEe.jpg","height":0,"width":0},"keywords":null},{"@type":"Article","@id":"https:\/\/www.fontesh.cz\/blue-lotus\/","headline":"Blue lotus","url":"https:\/\/www.fontesh.cz\/blue-lotus\/","datePublished":"2025-04-14","dateModified":"2025-04-14","mainEntityOfPage":"https:\/\/www.fontesh.cz\/blue-lotus\/","author":{"@type":"Person","@id":"https:\/\/www.fontesh.cz\/author\/#Person","name":"","url":"https:\/\/www.fontesh.cz\/author\/","identifier":1,"image":{"@type":"ImageObject","@id":"https:\/\/secure.gravatar.com\/avatar\/9650bad63f840fe2951db83904c5d1edf6fafb8283b72071d80cdc2088366373?s=96&d=mm&r=g","url":"https:\/\/secure.gravatar.com\/avatar\/9650bad63f840fe2951db83904c5d1edf6fafb8283b72071d80cdc2088366373?s=96&d=mm&r=g","height":96,"width":96}},"publisher":{"@type":"Organization","name":"fontesh.cz","logo":{"@type":"ImageObject","@id":"\/logo.png","url":"\/logo.png","width":600,"height":60}},"image":{"@type":"ImageObject","@id":"https:\/\/www.fontesh.cz\/wp-content\/uploads\/tea-2356775_640_4.jpg","url":"https:\/\/www.fontesh.cz\/wp-content\/uploads\/tea-2356775_640_4.jpg","height":0,"width":0},"keywords":null},{"@type":"Article","@id":"https:\/\/www.fontesh.cz\/caj-na-ocistu-tela\/","headline":"\u010caj na o\u010distu t\u011bla","url":"https:\/\/www.fontesh.cz\/caj-na-ocistu-tela\/","datePublished":"2025-04-12","dateModified":"2025-04-12","mainEntityOfPage":"https:\/\/www.fontesh.cz\/caj-na-ocistu-tela\/","author":{"@type":"Person","@id":"https:\/\/www.fontesh.cz\/author\/#Person","name":"","url":"https:\/\/www.fontesh.cz\/author\/","identifier":1,"image":{"@type":"ImageObject","@id":"https:\/\/secure.gravatar.com\/avatar\/9650bad63f840fe2951db83904c5d1edf6fafb8283b72071d80cdc2088366373?s=96&d=mm&r=g","url":"https:\/\/secure.gravatar.com\/avatar\/9650bad63f840fe2951db83904c5d1edf6fafb8283b72071d80cdc2088366373?s=96&d=mm&r=g","height":96,"width":96}},"publisher":{"@type":"Organization","name":"fontesh.cz","logo":{"@type":"ImageObject","@id":"\/logo.png","url":"\/logo.png","width":600,"height":60}},"image":{"@type":"ImageObject","@id":"https:\/\/www.fontesh.cz\/wp-content\/uploads\/tea-2356770_640_10_6.jpg","url":"https:\/\/www.fontesh.cz\/wp-content\/uploads\/tea-2356770_640_10_6.jpg","height":0,"width":0},"keywords":null},{"@type":"Article","@id":"https:\/\/www.fontesh.cz\/jaky-by-byl-svet-bez-pruzin\/","headline":"Jak\u00fd by byl sv\u011bt bez pru\u017ein","url":"https:\/\/www.fontesh.cz\/jaky-by-byl-svet-bez-pruzin\/","datePublished":"2025-04-04","dateModified":"2025-04-04","mainEntityOfPage":"https:\/\/www.fontesh.cz\/jaky-by-byl-svet-bez-pruzin\/","author":{"@type":"Person","@id":"https:\/\/www.fontesh.cz\/author\/#Person","name":"","url":"https:\/\/www.fontesh.cz\/author\/","identifier":1,"image":{"@type":"ImageObject","@id":"https:\/\/secure.gravatar.com\/avatar\/9650bad63f840fe2951db83904c5d1edf6fafb8283b72071d80cdc2088366373?s=96&d=mm&r=g","url":"https:\/\/secure.gravatar.com\/avatar\/9650bad63f840fe2951db83904c5d1edf6fafb8283b72071d80cdc2088366373?s=96&d=mm&r=g","height":96,"width":96}},"publisher":{"@type":"Organization","name":"fontesh.cz","logo":{"@type":"ImageObject","@id":"\/logo.png","url":"\/logo.png","width":600,"height":60}},"image":{"@type":"ImageObject","@id":"https:\/\/www.fontesh.cz\/wp-content\/uploads\/springs-114108_640.jpg","url":"https:\/\/www.fontesh.cz\/wp-content\/uploads\/springs-114108_640.jpg","height":0,"width":0},"keywords":null}]}