[{"@context":"https:\/\/schema.org\/","@type":"Article","@id":"https:\/\/www.fontesh.cz\/uzijte-si-horske-klima\/#Article","mainEntityOfPage":"https:\/\/www.fontesh.cz\/uzijte-si-horske-klima\/","headline":"U\u017eijte si horsk\u00e9 klima","name":"U\u017eijte si horsk\u00e9 klima","description":"Rozhodli jste se, \u017ee se letos vyprav\u00edte nikoliv k mo\u0159i, ale do hor? Dovolen\u00e1 v hor\u00e1ch je rozhodn\u011b skv\u011bl\u00fdm zpest\u0159en\u00edm, [&hellip;]","datePublished":"2023-07-31","dateModified":"2023-07-31","author":{"@type":"Person","@id":"https:\/\/www.fontesh.cz\/author\/#Person","name":"","url":"https:\/\/www.fontesh.cz\/author\/","identifier":1,"image":{"@type":"ImageObject","@id":"https:\/\/secure.gravatar.com\/avatar\/9650bad63f840fe2951db83904c5d1edf6fafb8283b72071d80cdc2088366373?s=96&d=mm&r=g","url":"https:\/\/secure.gravatar.com\/avatar\/9650bad63f840fe2951db83904c5d1edf6fafb8283b72071d80cdc2088366373?s=96&d=mm&r=g","height":96,"width":96}},"publisher":{"@type":"Organization","name":"fontesh.cz","logo":{"@type":"ImageObject","@id":"\/logo.png","url":"\/logo.png","width":600,"height":60}},"url":"https:\/\/www.fontesh.cz\/uzijte-si-horske-klima\/","wordCount":217,"articleBody":"Rozhodli jste se, \u017ee se letos vyprav\u00edte nikoliv k mo\u0159i, ale do hor? Dovolen\u00e1 v hor\u00e1ch je rozhodn\u011b skv\u011bl\u00fdm zpest\u0159en\u00edm, na kter\u00e9 jen tak nezapomenete. \u010cesk\u00e1 republika se nach\u00e1z\u00ed na opravdu velmi v\u00fdhodn\u00e9m m\u00edst\u011b, proto\u017ee to Alp to m\u00e1me skute\u010dn\u011b kousek. Toto n\u00e1dhern\u00e9 evropsk\u00e9 poho\u0159\u00ed dok\u00e1zalo u\u010darovat velikou spoustu turist\u016f, tud\u00ed\u017e v\u011b\u0159te, \u017ee si dostane i v\u00e1s. Jestli\u017ee m\u00e1te r\u00e1di \u010derstv\u00fd horsk\u00fd vzduch, tak si ho budete moci u\u017e\u00edvat nejenom p\u0159i tradi\u010dn\u00edm ly\u017eov\u00e1n\u00ed, ale i p\u0159i cyklistice anebo p\u0159i turistick\u00fdch pochodech. Mno\u017estv\u00ed aktivit, kter\u00e9 tu m\u016f\u017eete provozovat, je toti\u017e skute\u010dn\u011b obs\u00e1hl\u00e9.\tKvalitn\u00ed mo\u017enostiPokud se chcete ubytovat ve skute\u010dn\u011b p\u0159\u00edjemn\u00e9m komplexu, kter\u00fd bude disponovat opravdu v\u00fdhodnou polohu, tak rozhodn\u011b je\u010fte do \u010desk\u00e9ho penzionu v Alp\u00e1ch. Pr\u00e1v\u011b v tomto komplexu na v\u00e1s bude \u010dekat modern\u00ed vybaven\u00ed, kter\u00e9 v\u00e1m v\u00e1\u0161 pobyt opravdu zp\u0159\u00edjemn\u00ed. Nebude v\u00e1m chyb\u011bt naprosto nic, prostory jsou toti\u017e kr\u00e1sn\u011b vybaven\u00e9, \u010dist\u00e9 a zasazen\u00e9 do horsk\u00e9 krajiny, na kterou jste se tolik t\u011b\u0161ili. Na nic tedy ne\u010dekejte a investujte do skute\u010dn\u00e9 kvality.                                                                                                                                                                                                                                                                                                                                                                                        4.2\/5 - (12 votes)        "},{"@context":"https:\/\/schema.org\/","@type":"BreadcrumbList","itemListElement":[{"@type":"ListItem","position":1,"name":"U\u017eijte si horsk\u00e9 klima","item":"https:\/\/www.fontesh.cz\/uzijte-si-horske-klima\/#breadcrumbitem"}]}]