[{"@context":"https:\/\/schema.org\/","@type":"Article","@id":"https:\/\/www.fontesh.cz\/promente-svuj-balkon-v-odpocinkovou-zonu\/#Article","mainEntityOfPage":"https:\/\/www.fontesh.cz\/promente-svuj-balkon-v-odpocinkovou-zonu\/","headline":"Prom\u011b\u0148te sv\u016fj balkon v odpo\u010dinkovou z\u00f3nu","name":"Prom\u011b\u0148te sv\u016fj balkon v odpo\u010dinkovou z\u00f3nu","description":"M\u00e1te mal\u00fd balkon a p\u0159em\u00fd\u0161l\u00edte, jak byste z n\u011bj mohli ud\u011blat kr\u00e1sn\u011bj\u0161\u00ed m\u00edsto k odpo\u010dinku a relaxaci? Zam\u011b\u0159te se p\u0159edev\u0161\u00edm [&hellip;]","datePublished":"2022-05-13","dateModified":"2023-05-15","author":{"@type":"Person","@id":"https:\/\/www.fontesh.cz\/author\/#Person","name":"","url":"https:\/\/www.fontesh.cz\/author\/","identifier":1,"image":{"@type":"ImageObject","@id":"https:\/\/secure.gravatar.com\/avatar\/9650bad63f840fe2951db83904c5d1edf6fafb8283b72071d80cdc2088366373?s=96&d=mm&r=g","url":"https:\/\/secure.gravatar.com\/avatar\/9650bad63f840fe2951db83904c5d1edf6fafb8283b72071d80cdc2088366373?s=96&d=mm&r=g","height":96,"width":96}},"publisher":{"@type":"Organization","name":"fontesh.cz","logo":{"@type":"ImageObject","@id":"\/logo.png","url":"\/logo.png","width":600,"height":60}},"image":{"@type":"ImageObject","@id":"https:\/\/www.fontesh.cz\/wp-content\/uploads\/balcony-979257_640_1.jpg","url":"https:\/\/www.fontesh.cz\/wp-content\/uploads\/balcony-979257_640_1.jpg","height":0,"width":0},"url":"https:\/\/www.fontesh.cz\/promente-svuj-balkon-v-odpocinkovou-zonu\/","about":["V\u00fdrobky"],"wordCount":426,"articleBody":"   M\u00e1te mal\u00fd balkon a p\u0159em\u00fd\u0161l\u00edte, jak byste z n\u011bj mohli ud\u011blat kr\u00e1sn\u011bj\u0161\u00ed m\u00edsto k odpo\u010dinku a relaxaci? Zam\u011b\u0159te se p\u0159edev\u0161\u00edm na zele\u0148. Kv\u011btiny a zelen\u00e9 listy dodaj\u00ed balkonu \u00fatulnost a vy se budete c\u00edtit tak, jako byste sed\u011bli na zahrad\u011b. Balkon m\u016f\u017eete vyu\u017e\u00edt i k p\u011bstov\u00e1n\u00ed zeleniny \u010di ovoce. Na ja\u0159e si zasejte \u0159edkvi\u010dky, zkusit m\u016f\u017eete p\u011bstovat raj\u010data i okurky. Pokud nem\u00e1te na v\u011bt\u0161\u00ed kv\u011btin\u00e1\u010de na balkon\u011b m\u00edsto, p\u011bstujte si alespo\u0148 n\u011bkolik obl\u00edben\u00fdch bylinek. Kv\u011btin\u00e1\u010de s bylinkami m\u016f\u017eete pov\u011bsit na z\u00e1bradl\u00ed na balkon Kmkdesign a t\u00edm u\u0161et\u0159\u00edte spoustu m\u00edsta. Mezi obl\u00edben\u00e9 a nen\u00e1ro\u010dn\u00e9 bylinky pat\u0159\u00ed nap\u0159\u00edklad pa\u017eitka, m\u00e1ta, oregano, estrogen \u010di medv\u011bd\u00ed \u010desnek. P\u0159i nedostatku m\u00edsta m\u016f\u017eete vyu\u017e\u00edt i obl\u00edben\u00e9 z\u00e1v\u011bsn\u00e9 kv\u011btin\u00e1\u010de. Nebo v\u00e1m na balkon\u011b posta\u010d\u00ed n\u011bkolik sukulent\u016f a alespo\u0148 jedna kv\u011btina ve v\u00e1ze na stolku.Abyste mohli na balkon\u011b v klidu odpo\u010d\u00edvat, budete pot\u0159ebovat \u017eidli\u010dky a stolek. Volte opravdu mal\u00fd stolek, kter\u00fd v\u00e1m posta\u010d\u00ed na odlo\u017een\u00ed k\u00e1vy nebo \u010daje. M\u00edsto u\u0161et\u0159\u00edte tak\u00e9 nap\u0159\u00edklad t\u00edm, \u017ee zvol\u00edte skl\u00e1p\u011bc\u00ed stolek. Ten v\u00e1m nebude p\u0159ek\u00e1\u017eet p\u0159i zal\u00e9v\u00e1n\u00ed va\u0161\u00ed mal\u00e9 zahr\u00e1dky. \u017didli\u010dky m\u016f\u017eete m\u00edt plastov\u00e9, d\u0159ev\u011bn\u00e9 nebo ratanov\u00e9, ale op\u011bt doporu\u010dujeme po\u0159\u00eddit \u017eidli\u010dky takov\u00e9, kter\u00e9 se daj\u00ed slo\u017eit. Nebo si po\u0159i\u010fte koberec a n\u011bkolik v\u011bt\u0161\u00edch pol\u0161t\u00e1\u0159\u016f, kter\u00e9 v\u00e1m odpo\u010dinek takt\u00e9\u017e umo\u017en\u00ed. Nav\u00edc t\u00edm u\u0161et\u0159\u00edte hodn\u011b m\u00edsta, proto\u017ee pol\u0161t\u00e1\u0159e m\u016f\u017eete r\u016fzn\u011b p\u0159emis\u0165ovat a nebudou v\u00e1m p\u0159ek\u00e1\u017eet.P\u0159ed za\u0159izov\u00e1n\u00edm a n\u00e1kupem n\u00e1bytku nebo kv\u011btin\u00e1\u010d\u016f se nejprve zamyslete, k \u010demu chcete balkon prim\u00e1rn\u011b vyu\u017e\u00edvat. Jestli\u017ee chcete m\u00edt na balkon\u011b malou zahr\u00e1dku, po\u010d\u00edtejte s t\u00edm, \u017ee m\u00edsta na sezen\u00ed moc nezbude. Pokud chcete na balkon\u011b sp\u00ed\u0161e grilovat a p\u00edt odpoledn\u00ed k\u00e1vu, vybavte balkon kvalitn\u00edm sezen\u00edm s men\u0161\u00edm mno\u017estv\u00edm zelen\u011b. A\u0165 u\u017e se rozhodnete pro jakoukoliv variantu, zajist\u00e9 bude v\u00e1\u0161 balkon dokonalou relaxa\u010dn\u00ed z\u00f3nou s kouskem p\u0159\u00edrody.                                                                                                                                                                                                                                                                                                                                                                                          4\/5 - (5 votes)        "},{"@context":"https:\/\/schema.org\/","@type":"BreadcrumbList","itemListElement":[{"@type":"ListItem","position":1,"name":"Prom\u011b\u0148te sv\u016fj balkon v odpo\u010dinkovou z\u00f3nu","item":"https:\/\/www.fontesh.cz\/promente-svuj-balkon-v-odpocinkovou-zonu\/#breadcrumbitem"}]}]