[{"@context":"https:\/\/schema.org\/","@type":"Blog","@id":"https:\/\/www.fontesh.cz#Blog","headline":"Fontesh","description":"\nN\u011bkdo vyrukuje s pravdou ven, a\u017e kdy\u017e ho k tomu n\u011bkdo p\u0159inut\u00ed. My na na\u0161em webu v\u00e1m ji v\u0161ak nab\u00edz\u00edme hned a naprosto samoz\u0159ejm\u011b a automaticky.","url":"https:\/\/www.fontesh.cz","hasPart":[{"@type":"Article","@id":"https:\/\/www.fontesh.cz\/kompletni-osetreni-bazenove-vody\/","headline":"Kompletn\u00ed o\u0161et\u0159en\u00ed baz\u00e9nov\u00e9 vody","url":"https:\/\/www.fontesh.cz\/kompletni-osetreni-bazenove-vody\/","datePublished":"2023-02-22","dateModified":"2024-02-26","mainEntityOfPage":"https:\/\/www.fontesh.cz\/kompletni-osetreni-bazenove-vody\/","author":{"@type":"Person","@id":"https:\/\/www.fontesh.cz\/author\/#Person","name":"","url":"https:\/\/www.fontesh.cz\/author\/","identifier":1,"image":{"@type":"ImageObject","@id":"https:\/\/secure.gravatar.com\/avatar\/9650bad63f840fe2951db83904c5d1edf6fafb8283b72071d80cdc2088366373?s=96&d=mm&r=g","url":"https:\/\/secure.gravatar.com\/avatar\/9650bad63f840fe2951db83904c5d1edf6fafb8283b72071d80cdc2088366373?s=96&d=mm&r=g","height":96,"width":96}},"publisher":{"@type":"Organization","name":"fontesh.cz","logo":{"@type":"ImageObject","@id":"\/logo.png","url":"\/logo.png","width":600,"height":60}},"image":null,"wordCount":512,"keywords":null},{"@type":"Article","@id":"https:\/\/www.fontesh.cz\/komfortni-levne-bydleni\/","headline":"Komfortn\u00ed levn\u00e9 bydlen\u00ed","url":"https:\/\/www.fontesh.cz\/komfortni-levne-bydleni\/","datePublished":"2023-01-28","dateModified":"2024-02-07","mainEntityOfPage":"https:\/\/www.fontesh.cz\/komfortni-levne-bydleni\/","author":{"@type":"Person","@id":"https:\/\/www.fontesh.cz\/author\/#Person","name":"","url":"https:\/\/www.fontesh.cz\/author\/","identifier":1,"image":{"@type":"ImageObject","@id":"https:\/\/secure.gravatar.com\/avatar\/9650bad63f840fe2951db83904c5d1edf6fafb8283b72071d80cdc2088366373?s=96&d=mm&r=g","url":"https:\/\/secure.gravatar.com\/avatar\/9650bad63f840fe2951db83904c5d1edf6fafb8283b72071d80cdc2088366373?s=96&d=mm&r=g","height":96,"width":96}},"publisher":{"@type":"Organization","name":"fontesh.cz","logo":{"@type":"ImageObject","@id":"\/logo.png","url":"\/logo.png","width":600,"height":60}},"image":{"@type":"ImageObject","@id":"https:\/\/www.fontesh.cz\/wp-content\/uploads\/heat-pump-g5c446651f_640.jpg","url":"https:\/\/www.fontesh.cz\/wp-content\/uploads\/heat-pump-g5c446651f_640.jpg","height":0,"width":0},"wordCount":550,"keywords":null},{"@type":"Article","@id":"https:\/\/www.fontesh.cz\/s-jakymi-obtizeni-se-potykaji-ridici-dalkove-prepravy\/","headline":"S jak\u00fdmi obt\u00ed\u017eeni se pot\u00fdkaj\u00ed \u0159idi\u010di d\u00e1lkov\u00e9 p\u0159epravy","url":"https:\/\/www.fontesh.cz\/s-jakymi-obtizeni-se-potykaji-ridici-dalkove-prepravy\/","datePublished":"2022-12-13","dateModified":"2023-10-16","mainEntityOfPage":"https:\/\/www.fontesh.cz\/s-jakymi-obtizeni-se-potykaji-ridici-dalkove-prepravy\/","author":{"@type":"Person","@id":"https:\/\/www.fontesh.cz\/author\/#Person","name":"","url":"https:\/\/www.fontesh.cz\/author\/","identifier":1,"image":{"@type":"ImageObject","@id":"https:\/\/secure.gravatar.com\/avatar\/9650bad63f840fe2951db83904c5d1edf6fafb8283b72071d80cdc2088366373?s=96&d=mm&r=g","url":"https:\/\/secure.gravatar.com\/avatar\/9650bad63f840fe2951db83904c5d1edf6fafb8283b72071d80cdc2088366373?s=96&d=mm&r=g","height":96,"width":96}},"publisher":{"@type":"Organization","name":"fontesh.cz","logo":{"@type":"ImageObject","@id":"\/logo.png","url":"\/logo.png","width":600,"height":60}},"image":{"@type":"ImageObject","@id":"https:\/\/www.fontesh.cz\/wp-content\/uploads\/auto25.jpg","url":"https:\/\/www.fontesh.cz\/wp-content\/uploads\/auto25.jpg","height":0,"width":0},"wordCount":1007,"keywords":null},{"@type":"Article","@id":"https:\/\/www.fontesh.cz\/splnte-detem-sen-v-podobe-vlastniho-zahradniho-dobrodruzstvi\/","headline":"Spl\u0148te d\u011btem sen v podob\u011b vlastn\u00edho zahradn\u00edho dobrodru\u017estv\u00ed","url":"https:\/\/www.fontesh.cz\/splnte-detem-sen-v-podobe-vlastniho-zahradniho-dobrodruzstvi\/","datePublished":"2022-11-12","dateModified":"2023-05-15","mainEntityOfPage":"https:\/\/www.fontesh.cz\/splnte-detem-sen-v-podobe-vlastniho-zahradniho-dobrodruzstvi\/","author":{"@type":"Person","@id":"https:\/\/www.fontesh.cz\/author\/#Person","name":"","url":"https:\/\/www.fontesh.cz\/author\/","identifier":1,"image":{"@type":"ImageObject","@id":"https:\/\/secure.gravatar.com\/avatar\/9650bad63f840fe2951db83904c5d1edf6fafb8283b72071d80cdc2088366373?s=96&d=mm&r=g","url":"https:\/\/secure.gravatar.com\/avatar\/9650bad63f840fe2951db83904c5d1edf6fafb8283b72071d80cdc2088366373?s=96&d=mm&r=g","height":96,"width":96}},"publisher":{"@type":"Organization","name":"fontesh.cz","logo":{"@type":"ImageObject","@id":"\/logo.png","url":"\/logo.png","width":600,"height":60}},"image":{"@type":"ImageObject","@id":"https:\/\/www.fontesh.cz\/wp-content\/uploads\/pexels-photo-2143761.jpeg","url":"https:\/\/www.fontesh.cz\/wp-content\/uploads\/pexels-photo-2143761.jpeg","height":0,"width":0},"wordCount":603,"keywords":null},{"@type":"Article","@id":"https:\/\/www.fontesh.cz\/lide-web-sami-nenajdou\/","headline":"Lid\u00e9 web sami nenajdou","url":"https:\/\/www.fontesh.cz\/lide-web-sami-nenajdou\/","datePublished":"2022-10-27","dateModified":"2022-10-27","mainEntityOfPage":"https:\/\/www.fontesh.cz\/lide-web-sami-nenajdou\/","author":{"@type":"Person","@id":"https:\/\/www.fontesh.cz\/author\/#Person","name":"","url":"https:\/\/www.fontesh.cz\/author\/","identifier":1,"image":{"@type":"ImageObject","@id":"https:\/\/secure.gravatar.com\/avatar\/9650bad63f840fe2951db83904c5d1edf6fafb8283b72071d80cdc2088366373?s=96&d=mm&r=g","url":"https:\/\/secure.gravatar.com\/avatar\/9650bad63f840fe2951db83904c5d1edf6fafb8283b72071d80cdc2088366373?s=96&d=mm&r=g","height":96,"width":96}},"publisher":{"@type":"Organization","name":"fontesh.cz","logo":{"@type":"ImageObject","@id":"\/logo.png","url":"\/logo.png","width":600,"height":60}},"image":{"@type":"ImageObject","@id":"https:\/\/www.fontesh.cz\/wp-content\/uploads\/net%20hled%C3%A1n%C3%AD.png","url":"https:\/\/www.fontesh.cz\/wp-content\/uploads\/net%20hled%C3%A1n%C3%AD.png","height":0,"width":0},"wordCount":598,"keywords":null},{"@type":"Article","@id":"https:\/\/www.fontesh.cz\/pekny-bazen\/","headline":"P\u011bkn\u00fd baz\u00e9n","url":"https:\/\/www.fontesh.cz\/pekny-bazen\/","datePublished":"2022-10-10","dateModified":"2023-05-15","mainEntityOfPage":"https:\/\/www.fontesh.cz\/pekny-bazen\/","author":{"@type":"Person","@id":"https:\/\/www.fontesh.cz\/author\/#Person","name":"","url":"https:\/\/www.fontesh.cz\/author\/","identifier":1,"image":{"@type":"ImageObject","@id":"https:\/\/secure.gravatar.com\/avatar\/9650bad63f840fe2951db83904c5d1edf6fafb8283b72071d80cdc2088366373?s=96&d=mm&r=g","url":"https:\/\/secure.gravatar.com\/avatar\/9650bad63f840fe2951db83904c5d1edf6fafb8283b72071d80cdc2088366373?s=96&d=mm&r=g","height":96,"width":96}},"publisher":{"@type":"Organization","name":"fontesh.cz","logo":{"@type":"ImageObject","@id":"\/logo.png","url":"\/logo.png","width":600,"height":60}},"image":{"@type":"ImageObject","@id":"https:\/\/www.fontesh.cz\/wp-content\/uploads\/cruise-ship-363804_960_720.jpg","url":"https:\/\/www.fontesh.cz\/wp-content\/uploads\/cruise-ship-363804_960_720.jpg","height":0,"width":0},"wordCount":591,"keywords":null},{"@type":"Article","@id":"https:\/\/www.fontesh.cz\/jake-jsou-nevyhody-mobilniho-telefonu\/","headline":"Jak\u00e9 jsou nev\u00fdhody mobiln\u00edho telefonu","url":"https:\/\/www.fontesh.cz\/jake-jsou-nevyhody-mobilniho-telefonu\/","datePublished":"2022-08-25","dateModified":"2023-05-15","mainEntityOfPage":"https:\/\/www.fontesh.cz\/jake-jsou-nevyhody-mobilniho-telefonu\/","author":{"@type":"Person","@id":"https:\/\/www.fontesh.cz\/author\/#Person","name":"","url":"https:\/\/www.fontesh.cz\/author\/","identifier":1,"image":{"@type":"ImageObject","@id":"https:\/\/secure.gravatar.com\/avatar\/9650bad63f840fe2951db83904c5d1edf6fafb8283b72071d80cdc2088366373?s=96&d=mm&r=g","url":"https:\/\/secure.gravatar.com\/avatar\/9650bad63f840fe2951db83904c5d1edf6fafb8283b72071d80cdc2088366373?s=96&d=mm&r=g","height":96,"width":96}},"publisher":{"@type":"Organization","name":"fontesh.cz","logo":{"@type":"ImageObject","@id":"\/logo.png","url":"\/logo.png","width":600,"height":60}},"image":{"@type":"ImageObject","@id":"https:\/\/www.fontesh.cz\/wp-content\/uploads\/mobil4_7.jpg","url":"https:\/\/www.fontesh.cz\/wp-content\/uploads\/mobil4_7.jpg","height":0,"width":0},"wordCount":680,"keywords":null},{"@type":"Article","@id":"https:\/\/www.fontesh.cz\/elektromobil-jako-budoucnost-dopravy\/","headline":"Elektromobil jako budoucnost dopravy","url":"https:\/\/www.fontesh.cz\/elektromobil-jako-budoucnost-dopravy\/","datePublished":"2022-08-21","dateModified":"2023-05-15","mainEntityOfPage":"https:\/\/www.fontesh.cz\/elektromobil-jako-budoucnost-dopravy\/","author":{"@type":"Person","@id":"https:\/\/www.fontesh.cz\/author\/#Person","name":"","url":"https:\/\/www.fontesh.cz\/author\/","identifier":1,"image":{"@type":"ImageObject","@id":"https:\/\/secure.gravatar.com\/avatar\/9650bad63f840fe2951db83904c5d1edf6fafb8283b72071d80cdc2088366373?s=96&d=mm&r=g","url":"https:\/\/secure.gravatar.com\/avatar\/9650bad63f840fe2951db83904c5d1edf6fafb8283b72071d80cdc2088366373?s=96&d=mm&r=g","height":96,"width":96}},"publisher":{"@type":"Organization","name":"fontesh.cz","logo":{"@type":"ImageObject","@id":"\/logo.png","url":"\/logo.png","width":600,"height":60}},"image":{"@type":"ImageObject","@id":"https:\/\/www.fontesh.cz\/wp-content\/uploads\/car-battery-306959_1280.png","url":"https:\/\/www.fontesh.cz\/wp-content\/uploads\/car-battery-306959_1280.png","height":0,"width":0},"wordCount":752,"keywords":null},{"@type":"Article","@id":"https:\/\/www.fontesh.cz\/vyhledavani-uniku-vody-nechte-na-profesionalech\/","headline":"Vyhled\u00e1v\u00e1n\u00ed \u00faniku vody nechte na profesion\u00e1lech","url":"https:\/\/www.fontesh.cz\/vyhledavani-uniku-vody-nechte-na-profesionalech\/","datePublished":"2022-07-16","dateModified":"2023-05-15","mainEntityOfPage":"https:\/\/www.fontesh.cz\/vyhledavani-uniku-vody-nechte-na-profesionalech\/","author":{"@type":"Person","@id":"https:\/\/www.fontesh.cz\/author\/#Person","name":"","url":"https:\/\/www.fontesh.cz\/author\/","identifier":1,"image":{"@type":"ImageObject","@id":"https:\/\/secure.gravatar.com\/avatar\/9650bad63f840fe2951db83904c5d1edf6fafb8283b72071d80cdc2088366373?s=96&d=mm&r=g","url":"https:\/\/secure.gravatar.com\/avatar\/9650bad63f840fe2951db83904c5d1edf6fafb8283b72071d80cdc2088366373?s=96&d=mm&r=g","height":96,"width":96}},"publisher":{"@type":"Organization","name":"fontesh.cz","logo":{"@type":"ImageObject","@id":"\/logo.png","url":"\/logo.png","width":600,"height":60}},"image":{"@type":"ImageObject","@id":"https:\/\/www.fontesh.cz\/wp-content\/uploads\/pincers-228009_640_4.jpg","url":"https:\/\/www.fontesh.cz\/wp-content\/uploads\/pincers-228009_640_4.jpg","height":0,"width":0},"wordCount":560,"keywords":null},{"@type":"Article","@id":"https:\/\/www.fontesh.cz\/nenechavejte-mobilni-telefon-bez-obalu\/","headline":"Nenech\u00e1vejte mobiln\u00ed telefon bez obalu","url":"https:\/\/www.fontesh.cz\/nenechavejte-mobilni-telefon-bez-obalu\/","datePublished":"2022-07-08","dateModified":"2023-05-15","mainEntityOfPage":"https:\/\/www.fontesh.cz\/nenechavejte-mobilni-telefon-bez-obalu\/","author":{"@type":"Person","@id":"https:\/\/www.fontesh.cz\/author\/#Person","name":"","url":"https:\/\/www.fontesh.cz\/author\/","identifier":1,"image":{"@type":"ImageObject","@id":"https:\/\/secure.gravatar.com\/avatar\/9650bad63f840fe2951db83904c5d1edf6fafb8283b72071d80cdc2088366373?s=96&d=mm&r=g","url":"https:\/\/secure.gravatar.com\/avatar\/9650bad63f840fe2951db83904c5d1edf6fafb8283b72071d80cdc2088366373?s=96&d=mm&r=g","height":96,"width":96}},"publisher":{"@type":"Organization","name":"fontesh.cz","logo":{"@type":"ImageObject","@id":"\/logo.png","url":"\/logo.png","width":600,"height":60}},"image":{"@type":"ImageObject","@id":"https:\/\/www.fontesh.cz\/wp-content\/uploads\/pexels-andrea-piacquadio-826349.jpg","url":"https:\/\/www.fontesh.cz\/wp-content\/uploads\/pexels-andrea-piacquadio-826349.jpg","height":0,"width":0},"wordCount":517,"keywords":null}]},{"@context":"https:\/\/schema.org","@type":"WebSite","@id":"https:\/\/www.fontesh.cz\/#website","name":"Fontesh","url":"https:\/\/www.fontesh.cz","potentialAction":{"@type":"SearchAction","target":"https:\/\/www.fontesh.cz\/?s={search_term_string}","query-input":"required name=search_term_string"}}]