[{"@context":"https:\/\/schema.org\/","@type":"Blog","@id":"https:\/\/www.fontesh.cz#Blog","headline":"Fontesh","description":"\nN\u011bkdo vyrukuje s pravdou ven, a\u017e kdy\u017e ho k tomu n\u011bkdo p\u0159inut\u00ed. My na na\u0161em webu v\u00e1m ji v\u0161ak nab\u00edz\u00edme hned a naprosto samoz\u0159ejm\u011b a automaticky.","url":"https:\/\/www.fontesh.cz","hasPart":[{"@type":"Article","@id":"https:\/\/www.fontesh.cz\/montaz-provadime-odborne\/","headline":"Mont\u00e1\u017e prov\u00e1d\u00edme odborn\u011b","url":"https:\/\/www.fontesh.cz\/montaz-provadime-odborne\/","datePublished":"2025-03-14","dateModified":"2025-03-14","mainEntityOfPage":"https:\/\/www.fontesh.cz\/montaz-provadime-odborne\/","author":{"@type":"Person","@id":"https:\/\/www.fontesh.cz\/author\/#Person","name":"","url":"https:\/\/www.fontesh.cz\/author\/","identifier":1,"image":{"@type":"ImageObject","@id":"https:\/\/secure.gravatar.com\/avatar\/9650bad63f840fe2951db83904c5d1edf6fafb8283b72071d80cdc2088366373?s=96&d=mm&r=g","url":"https:\/\/secure.gravatar.com\/avatar\/9650bad63f840fe2951db83904c5d1edf6fafb8283b72071d80cdc2088366373?s=96&d=mm&r=g","height":96,"width":96}},"publisher":{"@type":"Organization","name":"fontesh.cz","logo":{"@type":"ImageObject","@id":"\/logo.png","url":"\/logo.png","width":600,"height":60}},"image":null,"wordCount":225,"keywords":null},{"@type":"Article","@id":"https:\/\/www.fontesh.cz\/vikendove-pobyty\/","headline":"V\u00edkendov\u00e9 pobyty","url":"https:\/\/www.fontesh.cz\/vikendove-pobyty\/","datePublished":"2025-03-06","dateModified":"2025-03-06","mainEntityOfPage":"https:\/\/www.fontesh.cz\/vikendove-pobyty\/","author":{"@type":"Person","@id":"https:\/\/www.fontesh.cz\/author\/#Person","name":"","url":"https:\/\/www.fontesh.cz\/author\/","identifier":1,"image":{"@type":"ImageObject","@id":"https:\/\/secure.gravatar.com\/avatar\/9650bad63f840fe2951db83904c5d1edf6fafb8283b72071d80cdc2088366373?s=96&d=mm&r=g","url":"https:\/\/secure.gravatar.com\/avatar\/9650bad63f840fe2951db83904c5d1edf6fafb8283b72071d80cdc2088366373?s=96&d=mm&r=g","height":96,"width":96}},"publisher":{"@type":"Organization","name":"fontesh.cz","logo":{"@type":"ImageObject","@id":"\/logo.png","url":"\/logo.png","width":600,"height":60}},"image":null,"wordCount":230,"keywords":null},{"@type":"Article","@id":"https:\/\/www.fontesh.cz\/sladke-je-vas-hrob\/","headline":"Sladk\u00e9 je v\u00e1\u0161 hrob","url":"https:\/\/www.fontesh.cz\/sladke-je-vas-hrob\/","datePublished":"2025-03-01","dateModified":"2025-03-01","mainEntityOfPage":"https:\/\/www.fontesh.cz\/sladke-je-vas-hrob\/","author":{"@type":"Person","@id":"https:\/\/www.fontesh.cz\/author\/#Person","name":"","url":"https:\/\/www.fontesh.cz\/author\/","identifier":1,"image":{"@type":"ImageObject","@id":"https:\/\/secure.gravatar.com\/avatar\/9650bad63f840fe2951db83904c5d1edf6fafb8283b72071d80cdc2088366373?s=96&d=mm&r=g","url":"https:\/\/secure.gravatar.com\/avatar\/9650bad63f840fe2951db83904c5d1edf6fafb8283b72071d80cdc2088366373?s=96&d=mm&r=g","height":96,"width":96}},"publisher":{"@type":"Organization","name":"fontesh.cz","logo":{"@type":"ImageObject","@id":"\/logo.png","url":"\/logo.png","width":600,"height":60}},"image":null,"wordCount":219,"keywords":null},{"@type":"Article","@id":"https:\/\/www.fontesh.cz\/sedaci-soupravy\/","headline":"Sedac\u00ed soupravy","url":"https:\/\/www.fontesh.cz\/sedaci-soupravy\/","datePublished":"2025-02-24","dateModified":"2025-02-24","mainEntityOfPage":"https:\/\/www.fontesh.cz\/sedaci-soupravy\/","author":{"@type":"Person","@id":"https:\/\/www.fontesh.cz\/author\/#Person","name":"","url":"https:\/\/www.fontesh.cz\/author\/","identifier":1,"image":{"@type":"ImageObject","@id":"https:\/\/secure.gravatar.com\/avatar\/9650bad63f840fe2951db83904c5d1edf6fafb8283b72071d80cdc2088366373?s=96&d=mm&r=g","url":"https:\/\/secure.gravatar.com\/avatar\/9650bad63f840fe2951db83904c5d1edf6fafb8283b72071d80cdc2088366373?s=96&d=mm&r=g","height":96,"width":96}},"publisher":{"@type":"Organization","name":"fontesh.cz","logo":{"@type":"ImageObject","@id":"\/logo.png","url":"\/logo.png","width":600,"height":60}},"image":null,"wordCount":274,"keywords":null},{"@type":"Article","@id":"https:\/\/www.fontesh.cz\/vyberte-si-bazen-na-leto\/","headline":"Vyberte si baz\u00e9n na l\u00e9to","url":"https:\/\/www.fontesh.cz\/vyberte-si-bazen-na-leto\/","datePublished":"2025-02-18","dateModified":"2025-02-18","mainEntityOfPage":"https:\/\/www.fontesh.cz\/vyberte-si-bazen-na-leto\/","author":{"@type":"Person","@id":"https:\/\/www.fontesh.cz\/author\/#Person","name":"","url":"https:\/\/www.fontesh.cz\/author\/","identifier":1,"image":{"@type":"ImageObject","@id":"https:\/\/secure.gravatar.com\/avatar\/9650bad63f840fe2951db83904c5d1edf6fafb8283b72071d80cdc2088366373?s=96&d=mm&r=g","url":"https:\/\/secure.gravatar.com\/avatar\/9650bad63f840fe2951db83904c5d1edf6fafb8283b72071d80cdc2088366373?s=96&d=mm&r=g","height":96,"width":96}},"publisher":{"@type":"Organization","name":"fontesh.cz","logo":{"@type":"ImageObject","@id":"\/logo.png","url":"\/logo.png","width":600,"height":60}},"image":{"@type":"ImageObject","@id":"https:\/\/www.fontesh.cz\/wp-content\/uploads\/child-6353515_640_5.jpg","url":"https:\/\/www.fontesh.cz\/wp-content\/uploads\/child-6353515_640_5.jpg","height":0,"width":0},"wordCount":565,"keywords":null},{"@type":"Article","@id":"https:\/\/www.fontesh.cz\/sidlo-firmy-jiz-za-458-kc\/","headline":"S\u00eddlo firmy ji\u017e za 458,- K\u010d","url":"https:\/\/www.fontesh.cz\/sidlo-firmy-jiz-za-458-kc\/","datePublished":"2025-02-17","dateModified":"2025-02-17","mainEntityOfPage":"https:\/\/www.fontesh.cz\/sidlo-firmy-jiz-za-458-kc\/","author":{"@type":"Person","@id":"https:\/\/www.fontesh.cz\/author\/#Person","name":"","url":"https:\/\/www.fontesh.cz\/author\/","identifier":1,"image":{"@type":"ImageObject","@id":"https:\/\/secure.gravatar.com\/avatar\/9650bad63f840fe2951db83904c5d1edf6fafb8283b72071d80cdc2088366373?s=96&d=mm&r=g","url":"https:\/\/secure.gravatar.com\/avatar\/9650bad63f840fe2951db83904c5d1edf6fafb8283b72071d80cdc2088366373?s=96&d=mm&r=g","height":96,"width":96}},"publisher":{"@type":"Organization","name":"fontesh.cz","logo":{"@type":"ImageObject","@id":"\/logo.png","url":"\/logo.png","width":600,"height":60}},"image":null,"wordCount":219,"keywords":null},{"@type":"Article","@id":"https:\/\/www.fontesh.cz\/mejte-i-vy-dokonaly-domov\/","headline":"M\u011bjte i vy dokonal\u00fd domov","url":"https:\/\/www.fontesh.cz\/mejte-i-vy-dokonaly-domov\/","datePublished":"2025-02-04","dateModified":"2025-02-04","mainEntityOfPage":"https:\/\/www.fontesh.cz\/mejte-i-vy-dokonaly-domov\/","author":{"@type":"Person","@id":"https:\/\/www.fontesh.cz\/author\/#Person","name":"","url":"https:\/\/www.fontesh.cz\/author\/","identifier":1,"image":{"@type":"ImageObject","@id":"https:\/\/secure.gravatar.com\/avatar\/9650bad63f840fe2951db83904c5d1edf6fafb8283b72071d80cdc2088366373?s=96&d=mm&r=g","url":"https:\/\/secure.gravatar.com\/avatar\/9650bad63f840fe2951db83904c5d1edf6fafb8283b72071d80cdc2088366373?s=96&d=mm&r=g","height":96,"width":96}},"publisher":{"@type":"Organization","name":"fontesh.cz","logo":{"@type":"ImageObject","@id":"\/logo.png","url":"\/logo.png","width":600,"height":60}},"image":null,"wordCount":208,"keywords":null},{"@type":"Article","@id":"https:\/\/www.fontesh.cz\/den-o-neco-zajimavejsi\/","headline":"Den o n\u011bco zaj\u00edmav\u011bj\u0161\u00ed","url":"https:\/\/www.fontesh.cz\/den-o-neco-zajimavejsi\/","datePublished":"2025-01-28","dateModified":"2025-01-28","mainEntityOfPage":"https:\/\/www.fontesh.cz\/den-o-neco-zajimavejsi\/","author":{"@type":"Person","@id":"https:\/\/www.fontesh.cz\/author\/#Person","name":"","url":"https:\/\/www.fontesh.cz\/author\/","identifier":1,"image":{"@type":"ImageObject","@id":"https:\/\/secure.gravatar.com\/avatar\/9650bad63f840fe2951db83904c5d1edf6fafb8283b72071d80cdc2088366373?s=96&d=mm&r=g","url":"https:\/\/secure.gravatar.com\/avatar\/9650bad63f840fe2951db83904c5d1edf6fafb8283b72071d80cdc2088366373?s=96&d=mm&r=g","height":96,"width":96}},"publisher":{"@type":"Organization","name":"fontesh.cz","logo":{"@type":"ImageObject","@id":"\/logo.png","url":"\/logo.png","width":600,"height":60}},"image":null,"wordCount":235,"keywords":null},{"@type":"Article","@id":"https:\/\/www.fontesh.cz\/outlet-replay\/","headline":"Outlet Replay","url":"https:\/\/www.fontesh.cz\/outlet-replay\/","datePublished":"2025-01-22","dateModified":"2025-01-22","mainEntityOfPage":"https:\/\/www.fontesh.cz\/outlet-replay\/","author":{"@type":"Person","@id":"https:\/\/www.fontesh.cz\/author\/#Person","name":"","url":"https:\/\/www.fontesh.cz\/author\/","identifier":1,"image":{"@type":"ImageObject","@id":"https:\/\/secure.gravatar.com\/avatar\/9650bad63f840fe2951db83904c5d1edf6fafb8283b72071d80cdc2088366373?s=96&d=mm&r=g","url":"https:\/\/secure.gravatar.com\/avatar\/9650bad63f840fe2951db83904c5d1edf6fafb8283b72071d80cdc2088366373?s=96&d=mm&r=g","height":96,"width":96}},"publisher":{"@type":"Organization","name":"fontesh.cz","logo":{"@type":"ImageObject","@id":"\/logo.png","url":"\/logo.png","width":600,"height":60}},"image":null,"wordCount":216,"keywords":null},{"@type":"Article","@id":"https:\/\/www.fontesh.cz\/v-nasi-nabidce-nesmi-chybet-ani-ovocne\/","headline":"V na\u0161\u00ed nab\u00eddce nesm\u00ed chyb\u011bt ani ovocn\u00e9","url":"https:\/\/www.fontesh.cz\/v-nasi-nabidce-nesmi-chybet-ani-ovocne\/","datePublished":"2025-01-16","dateModified":"2025-01-16","mainEntityOfPage":"https:\/\/www.fontesh.cz\/v-nasi-nabidce-nesmi-chybet-ani-ovocne\/","author":{"@type":"Person","@id":"https:\/\/www.fontesh.cz\/author\/#Person","name":"","url":"https:\/\/www.fontesh.cz\/author\/","identifier":1,"image":{"@type":"ImageObject","@id":"https:\/\/secure.gravatar.com\/avatar\/9650bad63f840fe2951db83904c5d1edf6fafb8283b72071d80cdc2088366373?s=96&d=mm&r=g","url":"https:\/\/secure.gravatar.com\/avatar\/9650bad63f840fe2951db83904c5d1edf6fafb8283b72071d80cdc2088366373?s=96&d=mm&r=g","height":96,"width":96}},"publisher":{"@type":"Organization","name":"fontesh.cz","logo":{"@type":"ImageObject","@id":"\/logo.png","url":"\/logo.png","width":600,"height":60}},"image":null,"wordCount":234,"keywords":null}]},{"@context":"https:\/\/schema.org","@type":"WebSite","@id":"https:\/\/www.fontesh.cz\/#website","name":"Fontesh","url":"https:\/\/www.fontesh.cz","potentialAction":{"@type":"SearchAction","target":"https:\/\/www.fontesh.cz\/?s={search_term_string}","query-input":"required name=search_term_string"}}]